{"id":627,"date":"2017-05-21T19:08:02","date_gmt":"2017-05-21T17:08:02","guid":{"rendered":"http:\/\/scaasr.ro\/?p=627\/"},"modified":"2021-10-29T09:11:37","modified_gmt":"2021-10-29T07:11:37","slug":"celebrating-300-years","status":"publish","type":"post","link":"https:\/\/scaasr.ro\/en\/celebrating-300-years\/","title":{"rendered":"CELEBRATING 300 YEARS: THE SCOTTISH RITE PERSPECTIVE"},"content":{"rendered":"<p>CELEBRATING 300 YEARS: THE SCOTTISH RITE PERSPECTIVE - was the theme of the 8th edition of the symposium \u201cProf. Ioan Neme\u0219 \u201d, Sucevi\u021ba, 2017<\/p>\n<p>&nbsp;<\/p>\n<p>For those who knew him, they had the privilege of being around him, Ioan Neme\u0219 (1924 - 2009) remains an emblematic figure. It remains, indisputably, <strong>Teacher<\/strong> - in the full sense of the word.<\/p>\n<p>As a sign of appreciation, of good and beautiful remembrance, his former &quot;students&quot; - in the School, as well as in the Royal Art - gave his name to a symbolic lodge and a symposium: both, an opportunity to put -moving latencies, to focus energies, to tend towards what - in us - we have better and higher.<\/p>\n<p>&nbsp;<\/p>\n<p>Here, then, is that the Symposium \u201cProf. Ioan Neme\u0219 \u201dreached the 8th edition - hosted by the\u201c Bucovina \u201dLodge no. 69, Orientul Suceava, in partnership with the lodge \u201eProf. Ioan Neme\u0219 \u201d, Orientul C\u00e2mpulung Moldovenesc, and the Lodge of Perfection\u201c Iancu Cavaler de Flondor \u201d, Orientea Suceava.<\/p>\n<p>Scheduled for two days, May 12 and 13, in the welcoming premises of the elegant Hotel &quot;Sofia&quot; in Sucevita, the symposium was held to celebrate the 300th anniversary of the regular universal Freemasonry - an event considered here from the perspective of the Ancient and Accepted Scottish Rite in Romania.<\/p>\n<p>&nbsp;<\/p>\n<p>Thus, this edition is part, in its many aspects, in - increasingly rich, more consistent - the series of cultural events that the Supreme Council of the Rite and its Sovereign Grand Commander conceive and, with the direct contribution of the Brethren, put &quot; in the work \u201din a more accurate appreciation of our spiritual treasure .<\/p>\n<p>&nbsp;<\/p>\n<p>To those unfamiliar with all this (or, perhaps, passive to them), it would be enough to (re) remind them that <strong>Sucevita Monastery<\/strong> it is the last monastic foundation <strong>first rank<\/strong>, among those located in the Upper Country of Moldova: so that our location in its vicinity, even if only for two or three days, is not without meaning.<\/p>\n<p>How about <strong>Ioan Neme\u0219<\/strong>, here are four \u201clandmarks\u201d - the most important, but not the only ones - from his rich activity: remarkable educator (he taught 14 years at the \u201c\u0218tefan cel Mare\u201d High School in Suceava, to which he was a student), famous entomologist with over 80 published studies, he also made the most comprehensive collection of insects in Romania), tenacious protector of Nature and, no less, passionate philatelist (he designed about 500 philatelic stamps and several series of philatelic envelopes illustrated with birds of prey and butterflies )\u2026 So, it would be enough for (as N. Iorga would say) \u201ca human life, as it was\u201d.<\/p>\n<p>&nbsp;<\/p>\n<p style=\"text-align: center;\">*<\/p>\n<p>&nbsp;<\/p>\n<p>After a &quot;Welcome Word&quot; from the hosts by Eng. Ovidiu Dumitrescu, the Symposium was opened by the Sovereign Grand Commander, the Most Strong and the Illustrious Brother Stelian Nistor 33 \u00b0, who reiterated, in strong formulations, not without temptation controversy, the main reasons behind the organization of these &quot;conferences&quot; - generic title, which includes the series of cultural events we just talked about.<\/p>\n<p>&nbsp;<\/p>\n<p>Then, &quot;on stage&quot; prof.univ.dr. <strong>Theodor Paleologu<\/strong> - at the second meeting with members of the Rite, after the conference &quot;How do we use culture?&quot;, Held at the &quot;Metropolis&quot; Theater some time ago.<\/p>\n<p>This time, the theme - excitingly chosen - was aimed <strong>Pathologies of Power<\/strong>\u2026 We were offered a trip of remarkable intellectual attire, with significant references to Antiquity and \/ or the Middle Ages, sprinkled with recurring \u201callusions\u201d to \u201cmoderns\u201d (including those who exercised \/ exercise \u201cpower\u201d in post-Romania). December).<\/p>\n<p>Own experience (former ambassador, former minister), vast culture (from family and through personal efforts), irony and self-irony in the accuracy of diagnoses - these are the main &quot;ingredients&quot; of the exhibition, carefully followed and keen interest by those present.<\/p>\n<p>&nbsp;<\/p>\n<p>The questions that followed - in fact, brief &quot;points of view&quot; of the participants - turned the debate into a real dialogue, Mr. Paleologu having the condescension to show an interested (and interesting) discussion partner\u2026 Discussion so lively that, in the end, we came to the &quot;conclusion&quot; that we should, those interested, meet again with Mr. Paleologist in a dialogue <strong>without fa<em>\u00e7<\/em>on<\/strong> and without time limit; as they say, until the \u201cexhaustion\u201d of the topic and \/ or of the interlocutors: tempting hypothesis, a sign of the enthusiasm that included the participants.<\/p>\n<p>&nbsp;<\/p>\n<p>The evening of the first day ended with a <strong>classical music recital<\/strong>, supported by the String Quartet of the \u201cCiprian Porumbescu\u201d National College of Art from Suceava.<\/p>\n<p>After that we all got together in one <strong>Fraternal dinner<\/strong> - pigmented, too, by other short discussions with the guest of the evening.<\/p>\n<p style=\"text-align: center;\">*<\/p>\n<p>&nbsp;<\/p>\n<p>The first half of May 13 &quot;divided&quot; the participants around two &quot;round tables&quot;; two topics of close relevance in the &quot;anniversary moment&quot; under which the Symposium was held:<\/p>\n<p>- \u201cUniversal regular Freemasonry on its 300th anniversary. Historical landmarks, evolution and perspectives &quot;-<\/p>\n<p><strong>guest of honor<\/strong>: prof.univ.dr. C\u0103t\u0103lin Turliuc; <strong>moderately<\/strong>: historians Dr. Gheorghe Bichicean and Dr. Andrei \u021a\u0103ranu - all three, with presentations of real interest to listeners.<\/p>\n<p>- &quot;The Contribution of the Ancient and Accepted Scottish Rite to the Development of Universal Regular Freemasonry&quot; -<\/p>\n<p><strong>guest of honor<\/strong>: PP and IL Brother Stelian Nistor 33 \u00b0, Sovereign Grand Commander of the RSAA in Romania<\/p>\n<p><strong>moderately<\/strong>: The illustrious Brothers Costin Cune\u0219teanu, 33 \u00b0 - Lieutenant Grand Commander, and Dan Dumitrescu, 33 \u00b0 - Grand Herald, as well as the historian Bogdan Bucur.<\/p>\n<p>The moderators resumed themes set out in the Masonic Training Dress of April 19, while the Word of the Sovereign Grand Commander referred to the &quot;elite status&quot; that should be acquired and assumed by the RSAA in the broader but still &quot;elite&quot; of Freemasonry. .<\/p>\n<p>&nbsp;<\/p>\n<p>After a short break, I participated in a second cultural event: Gheorghe Bichicean launched his book entitled, suggestive, <strong>Tudor. Under the sign of the Aether<\/strong> (the second volume, after the one dedicated to Horea, which debates controversial issues in the history of Freemasonry in the Romanian Principalities).<\/p>\n<p>The brief presentation made by the author underlined the fact - reported in detail in the book - that, through the movement he prepared and led, Tudor Vladimirescu acted in a historical setting drawn by characters belonging to secret societies: Masonic or paramasonic, revolutionary or just political, these societies marked a period of search, feverish movement of ideas, and action - all for re-establishment on new bases, <strong>Nation<\/strong>, of a Europe \u201cshaped\u201d by the Congress of Vienna (1814 - 1815) and ruled by the Holy Alliance: whose main objective was oppression \/ suppression <strong>by force<\/strong> of national aspirations \/ movements.<\/p>\n<p>After the presentation, Professor Bichicean gave autographs.<\/p>\n<p>&nbsp;<\/p>\n<p><strong>Agapa of end<\/strong>, who concluded the Symposium, had a &quot;note of melancholy&quot;: partings are never &quot;happy&quot; - but <strong>strong points<\/strong> of the two days in Sucevita are <strong>sure sign<\/strong> that we will meet again.<\/p>\n<p>&nbsp;<\/p>\n<p style=\"text-align: center;\">*<\/p>\n<p>&nbsp;<\/p>\n<p>Two mentions: (1) the total number of participants was approx. 150; (2) the &quot;soul&quot; of the team of &quot;organizers&quot; was Eng. <strong>Vasile Mocanu<\/strong>, to whom we also thank in this way.<\/p>\n<p>See you, Bucovina!<\/p>\n<p>&nbsp;<\/p>\n<p>&nbsp;<\/p>\n\n\t\t<style type=\"text\/css\">\n\t\t\t#gallery-1 {\n\t\t\t\tmargin: auto;\n\t\t\t}\n\t\t\t#gallery-1 .gallery-item {\n\t\t\t\tfloat: left;\n\t\t\t\tmargin-top: 10px;\n\t\t\t\ttext-align: center;\n\t\t\t\twidth: 33%;\n\t\t\t}\n\t\t\t#gallery-1 img {\n\t\t\t\tborder: 2px solid #cfcfcf;\n\t\t\t}\n\t\t\t#gallery-1 .gallery-caption {\n\t\t\t\tmargin-left: 0;\n\t\t\t}\n\t\t\t\/* see gallery_shortcode() in wp-includes\/media.php *\/\n\t\t<\/style>\n\t\t<div id='gallery-1' class='gallery galleryid-627 gallery-columns-3 gallery-size-thumbnail'><dl class='gallery-item'>\n\t\t\t<dt class='gallery-icon landscape'>\n\t\t\t\t<a href='https:\/\/scaasr.ro\/en\/img_7393\/'><img loading=\"lazy\" decoding=\"async\" width=\"150\" height=\"150\" src=\"https:\/\/scaasr.ro\/wp-content\/uploads\/2017\/05\/IMG_7393-150x150.jpg\" class=\"attachment-thumbnail size-thumbnail\" alt=\"CELEBRATING 300 YEARS: THE SCOTTISH RITE PERSPECTIVE\" aria-describedby=\"gallery-1-645\" srcset=\"https:\/\/scaasr.ro\/wp-content\/uploads\/2017\/05\/IMG_7393-150x150.jpg 150w, https:\/\/scaasr.ro\/wp-content\/uploads\/2017\/05\/IMG_7393-285x285.jpg 285w, https:\/\/scaasr.ro\/wp-content\/uploads\/2017\/05\/IMG_7393-200x200.jpg 200w\" sizes=\"(max-width: 150px) 100vw, 150px\" \/><\/a>\n\t\t\t<\/dt>\n\t\t\t\t<dd class='wp-caption-text gallery-caption' id='gallery-1-645'>\n\t\t\t\tCELEBRATING 300 YEARS: THE SCOTTISH RITE PERSPECTIVE\n\t\t\t\t<\/dd><\/dl><dl class='gallery-item'>\n\t\t\t<dt class='gallery-icon landscape'>\n\t\t\t\t<a href='https:\/\/scaasr.ro\/en\/img_7397\/'><img loading=\"lazy\" decoding=\"async\" width=\"150\" height=\"150\" src=\"https:\/\/scaasr.ro\/wp-content\/uploads\/2017\/05\/IMG_7397-150x150.jpg\" class=\"attachment-thumbnail size-thumbnail\" alt=\"CELEBRATING 300 YEARS\" aria-describedby=\"gallery-1-646\" srcset=\"https:\/\/scaasr.ro\/wp-content\/uploads\/2017\/05\/IMG_7397-150x150.jpg 150w, https:\/\/scaasr.ro\/wp-content\/uploads\/2017\/05\/IMG_7397-285x285.jpg 285w, https:\/\/scaasr.ro\/wp-content\/uploads\/2017\/05\/IMG_7397-200x200.jpg 200w\" sizes=\"(max-width: 150px) 100vw, 150px\" \/><\/a>\n\t\t\t<\/dt>\n\t\t\t\t<dd class='wp-caption-text gallery-caption' id='gallery-1-646'>\n\t\t\t\tCELEBRATING 300 YEARS\n\t\t\t\t<\/dd><\/dl><dl class='gallery-item'>\n\t\t\t<dt class='gallery-icon landscape'>\n\t\t\t\t<a href='https:\/\/scaasr.ro\/en\/img_7259\/'><img loading=\"lazy\" decoding=\"async\" width=\"150\" height=\"150\" src=\"https:\/\/scaasr.ro\/wp-content\/uploads\/2017\/05\/IMG_7259-150x150.jpg\" class=\"attachment-thumbnail size-thumbnail\" alt=\"CELEBRATING 300 YEARS: ambasador Teodor Paleologu\" aria-describedby=\"gallery-1-631\" srcset=\"https:\/\/scaasr.ro\/wp-content\/uploads\/2017\/05\/IMG_7259-150x150.jpg 150w, https:\/\/scaasr.ro\/wp-content\/uploads\/2017\/05\/IMG_7259-285x285.jpg 285w, https:\/\/scaasr.ro\/wp-content\/uploads\/2017\/05\/IMG_7259-200x200.jpg 200w\" sizes=\"(max-width: 150px) 100vw, 150px\" \/><\/a>\n\t\t\t<\/dt>\n\t\t\t\t<dd class='wp-caption-text gallery-caption' id='gallery-1-631'>\n\t\t\t\tCELEBRATING 300 YEARS: Ambassador Teodor Paleologu\n\t\t\t\t<\/dd><\/dl><br style=\"clear: both\" \/><dl class='gallery-item'>\n\t\t\t<dt class='gallery-icon landscape'>\n\t\t\t\t<a href='https:\/\/scaasr.ro\/en\/img_7350\/'><img loading=\"lazy\" decoding=\"async\" width=\"150\" height=\"150\" src=\"https:\/\/scaasr.ro\/wp-content\/uploads\/2017\/05\/IMG_7350-150x150.jpg\" class=\"attachment-thumbnail size-thumbnail\" alt=\"CELEBRATING 300 YEARS: istoricul Bogdan Bucur\" aria-describedby=\"gallery-1-642\" srcset=\"https:\/\/scaasr.ro\/wp-content\/uploads\/2017\/05\/IMG_7350-150x150.jpg 150w, https:\/\/scaasr.ro\/wp-content\/uploads\/2017\/05\/IMG_7350-285x285.jpg 285w, https:\/\/scaasr.ro\/wp-content\/uploads\/2017\/05\/IMG_7350-200x200.jpg 200w\" sizes=\"(max-width: 150px) 100vw, 150px\" \/><\/a>\n\t\t\t<\/dt>\n\t\t\t\t<dd class='wp-caption-text gallery-caption' id='gallery-1-642'>\n\t\t\t\tCELEBRATING 300 YEARS: historian Bogdan Bucur\n\t\t\t\t<\/dd><\/dl><dl class='gallery-item'>\n\t\t\t<dt class='gallery-icon landscape'>\n\t\t\t\t<a href='https:\/\/scaasr.ro\/en\/img_7313\/'><img loading=\"lazy\" decoding=\"async\" width=\"150\" height=\"150\" src=\"https:\/\/scaasr.ro\/wp-content\/uploads\/2017\/05\/IMG_7313-150x150.jpg\" class=\"attachment-thumbnail size-thumbnail\" alt=\"CELEBRATING 300 YEARS: Costin Cunesteanu\" aria-describedby=\"gallery-1-639\" srcset=\"https:\/\/scaasr.ro\/wp-content\/uploads\/2017\/05\/IMG_7313-150x150.jpg 150w, https:\/\/scaasr.ro\/wp-content\/uploads\/2017\/05\/IMG_7313-285x285.jpg 285w, https:\/\/scaasr.ro\/wp-content\/uploads\/2017\/05\/IMG_7313-200x200.jpg 200w\" sizes=\"(max-width: 150px) 100vw, 150px\" \/><\/a>\n\t\t\t<\/dt>\n\t\t\t\t<dd class='wp-caption-text gallery-caption' id='gallery-1-639'>\n\t\t\t\tCELEBRATING 300 YEARS: Costin Cunesteanu\n\t\t\t\t<\/dd><\/dl><dl class='gallery-item'>\n\t\t\t<dt class='gallery-icon landscape'>\n\t\t\t\t<a href='https:\/\/scaasr.ro\/en\/img_7321\/'><img loading=\"lazy\" decoding=\"async\" width=\"150\" height=\"150\" src=\"https:\/\/scaasr.ro\/wp-content\/uploads\/2017\/05\/IMG_7321-150x150.jpg\" class=\"attachment-thumbnail size-thumbnail\" alt=\"CELEBRATING 300 YEARS: Dan Dumitrescu\" aria-describedby=\"gallery-1-640\" srcset=\"https:\/\/scaasr.ro\/wp-content\/uploads\/2017\/05\/IMG_7321-150x150.jpg 150w, https:\/\/scaasr.ro\/wp-content\/uploads\/2017\/05\/IMG_7321-285x285.jpg 285w, https:\/\/scaasr.ro\/wp-content\/uploads\/2017\/05\/IMG_7321-200x200.jpg 200w\" sizes=\"(max-width: 150px) 100vw, 150px\" \/><\/a>\n\t\t\t<\/dt>\n\t\t\t\t<dd class='wp-caption-text gallery-caption' id='gallery-1-640'>\n\t\t\t\tCELEBRATING 300 YEARS: Dan Dumitrescu\n\t\t\t\t<\/dd><\/dl><br style=\"clear: both\" \/><dl class='gallery-item'>\n\t\t\t<dt class='gallery-icon landscape'>\n\t\t\t\t<a href='https:\/\/scaasr.ro\/en\/img_7300\/'><img loading=\"lazy\" decoding=\"async\" width=\"150\" height=\"150\" src=\"https:\/\/scaasr.ro\/wp-content\/uploads\/2017\/05\/IMG_7300-150x150.jpg\" class=\"attachment-thumbnail size-thumbnail\" alt=\"CELEBRATING 300 YEARS: Il&amp;PP Fr Stelian Nistor 33, GC\" aria-describedby=\"gallery-1-635\" srcset=\"https:\/\/scaasr.ro\/wp-content\/uploads\/2017\/05\/IMG_7300-150x150.jpg 150w, https:\/\/scaasr.ro\/wp-content\/uploads\/2017\/05\/IMG_7300-285x285.jpg 285w, https:\/\/scaasr.ro\/wp-content\/uploads\/2017\/05\/IMG_7300-200x200.jpg 200w\" sizes=\"(max-width: 150px) 100vw, 150px\" \/><\/a>\n\t\t\t<\/dt>\n\t\t\t\t<dd class='wp-caption-text gallery-caption' id='gallery-1-635'>\n\t\t\t\tCELEBRATING 300 YEARS: Il &amp; PP Fr Stelian Nistor 33, GC\n\t\t\t\t<\/dd><\/dl>\n\t\t\t<br style='clear: both' \/>\n\t\t<\/div>","protected":false},"excerpt":{"rendered":"<p>CELEBRATING 300 YEARS: THE SCOTTISH RITE PERSPECTIVEA &#8211; a \u00a0fost tema celei de a VIII-a edi\u021bie a simpozionului \u201eProf. Ioan Neme\u0219\u201d, Sucevi\u021ba, 2017 &nbsp; Pentru cei care l-au cunoscut \u0219i-au avut privilegiul de a-i sta \u00een preajm\u0103, Ioan Neme\u0219 (1924 \u2013 2009) r\u0103m\u00e2ne o figur\u0103 emblematic\u0103. R\u0103m\u00e2ne, incontestabil, Profesorul \u2013 \u00een sensul deplin al cuv\u00e2ntului. [&hellip;]<\/p>\n","protected":false},"author":1,"featured_media":645,"comment_status":"open","ping_status":"open","sticky":false,"template":"","format":"standard","meta":{"_acf_changed":false,"_et_pb_use_builder":"","_et_pb_old_content":"","_et_gb_content_width":"","footnotes":""},"categories":[18,4,5],"tags":[],"class_list":["post-627","post","type-post","status-publish","format-standard","has-post-thumbnail","hentry","category-140-ani-scotianism","category-despre-noi","category-noutati"],"acf":[],"_links":{"self":[{"href":"https:\/\/scaasr.ro\/en\/wp-json\/wp\/v2\/posts\/627","targetHints":{"allow":["GET"]}}],"collection":[{"href":"https:\/\/scaasr.ro\/en\/wp-json\/wp\/v2\/posts"}],"about":[{"href":"https:\/\/scaasr.ro\/en\/wp-json\/wp\/v2\/types\/post"}],"author":[{"embeddable":true,"href":"https:\/\/scaasr.ro\/en\/wp-json\/wp\/v2\/users\/1"}],"replies":[{"embeddable":true,"href":"https:\/\/scaasr.ro\/en\/wp-json\/wp\/v2\/comments?post=627"}],"version-history":[{"count":10,"href":"https:\/\/scaasr.ro\/en\/wp-json\/wp\/v2\/posts\/627\/revisions"}],"predecessor-version":[{"id":672,"href":"https:\/\/scaasr.ro\/en\/wp-json\/wp\/v2\/posts\/627\/revisions\/672"}],"wp:featuredmedia":[{"embeddable":true,"href":"https:\/\/scaasr.ro\/en\/wp-json\/wp\/v2\/media\/645"}],"wp:attachment":[{"href":"https:\/\/scaasr.ro\/en\/wp-json\/wp\/v2\/media?parent=627"}],"wp:term":[{"taxonomy":"category","embeddable":true,"href":"https:\/\/scaasr.ro\/en\/wp-json\/wp\/v2\/categories?post=627"},{"taxonomy":"post_tag","embeddable":true,"href":"https:\/\/scaasr.ro\/en\/wp-json\/wp\/v2\/tags?post=627"}],"curies":[{"name":"wp","href":"https:\/\/api.w.org\/{rel}","templated":true}]}}